{"id":21,"date":"2020-03-24T21:50:56","date_gmt":"2020-03-24T18:50:56","guid":{"rendered":"https:\/\/blogs.e-me.edu.gr\/hive-maclasseb1\/?p=21"},"modified":"2020-03-25T16:48:40","modified_gmt":"2020-03-25T13:48:40","slug":"presente-moi-et-dite-qui-est-a-cote-de-moi","status":"publish","type":"post","link":"https:\/\/blogs.e-me.edu.gr\/hive-maclasseb1\/2020\/03\/24\/presente-moi-et-dite-qui-est-a-cote-de-moi\/","title":{"rendered":"Pr\u00e9sente moi et dite qui est \u00e0 c\u00f4t\u00e9 de moi!"},"content":{"rendered":"<p><img loading=\"lazy\" decoding=\"async\" class=\"alignnone size-medium wp-image-24\" src=\"https:\/\/blogs.e-me.edu.gr\/hive-maclasseb1\/wp-content\/uploads\/sites\/4113\/2020\/03\/0cc937ff94596d9c89cdc184505de51c-300x187.jpg\" alt=\"\" width=\"300\" height=\"187\" srcset=\"https:\/\/blogs.e-me.edu.gr\/hive-maclasseb1\/wp-content\/uploads\/sites\/4113\/2020\/03\/0cc937ff94596d9c89cdc184505de51c-300x187.jpg 300w, https:\/\/blogs.e-me.edu.gr\/hive-maclasseb1\/wp-content\/uploads\/sites\/4113\/2020\/03\/0cc937ff94596d9c89cdc184505de51c.jpg 564w\" sizes=\"auto, (max-width: 300px) 100vw, 300px\" \/><\/p>\n<p>Je m'appelle Stavrina, j'ai 14 ans et j'habite \u00e0 Agios Nikolaos. Je vais au lyc\u00e9e. Moi c'est le numero\u00a0 \u00a0 \u00a0 \u00a0 \u00a0 \u00a0 \u00a0et \u00e0 c\u00f4t\u00e9 de moi c'est Christina. Elle a 14 ans. Elle est de taille moyenne. Elle a les cheveux ch\u00e2tains, raides et courtS. Elle a le visage carr\u00e9. Elle a un beau sourire! Elle est toujours bien coiff\u00e9e et bien habill\u00e9e. Elle a bon caract\u00e8re. Elle est gaie, polie, intelligente, travailleuse, sinc\u00e8re et g\u00e9n\u00e9reuse !<\/p>\n<p><span style=\"color: #ff0000\"><strong>BRAVO\u00a0 Stavrina !!!!!!\u00a0<\/strong><\/span><\/p>\n<pre id=\"tw-target-text\" class=\"tw-data-text tw-text-large tw-ta\" data-placeholder=\"\u039c\u03b5\u03c4\u03ac\u03c6\u03c1\u03b1\u03c3\u03b7\"><\/pre>\n<pre id=\"tw-target-text\" class=\"tw-data-text tw-text-large tw-ta\" data-placeholder=\"\u039c\u03b5\u03c4\u03ac\u03c6\u03c1\u03b1\u03c3\u03b7\"><\/pre>\n","protected":false},"excerpt":{"rendered":"<p>Je m&#8217;appelle Stavrina, j&#8217;ai 14 ans et j&#8217;habite \u00e0 Agios Nikolaos. Je vais au lyc\u00e9e. Moi c&#8217;est le numero\u00a0 \u00a0 \u00a0 \u00a0 \u00a0 \u00a0 \u00a0et \u00e0 c\u00f4t\u00e9 de moi c&#8217;est Christina. Elle a 14 ans. Elle est de &hellip; <\/p>\n<div class=\"more-link-wrapper\"><a href=\"https:\/\/blogs.e-me.edu.gr\/hive-maclasseb1\/2020\/03\/24\/presente-moi-et-dite-qui-est-a-cote-de-moi\/\" class=\"more-link\">Continue reading<span class=\"screen-reader-text\"> &#8220;Pr\u00e9sente moi et dite qui est \u00e0 c\u00f4t\u00e9 de moi!&#8221;<\/span><\/a><\/div>\n","protected":false},"author":11390,"featured_media":24,"comment_status":"open","ping_status":"open","sticky":false,"template":"","format":"standard","meta":{"footnotes":""},"categories":[1],"tags":[],"class_list":["post-21","post","type-post","status-publish","format-standard","has-post-thumbnail","hentry","category-1"],"_links":{"self":[{"href":"https:\/\/blogs.e-me.edu.gr\/hive-maclasseb1\/wp-json\/wp\/v2\/posts\/21","targetHints":{"allow":["GET"]}}],"collection":[{"href":"https:\/\/blogs.e-me.edu.gr\/hive-maclasseb1\/wp-json\/wp\/v2\/posts"}],"about":[{"href":"https:\/\/blogs.e-me.edu.gr\/hive-maclasseb1\/wp-json\/wp\/v2\/types\/post"}],"author":[{"embeddable":true,"href":"https:\/\/blogs.e-me.edu.gr\/hive-maclasseb1\/wp-json\/wp\/v2\/users\/11390"}],"replies":[{"embeddable":true,"href":"https:\/\/blogs.e-me.edu.gr\/hive-maclasseb1\/wp-json\/wp\/v2\/comments?post=21"}],"version-history":[{"count":0,"href":"https:\/\/blogs.e-me.edu.gr\/hive-maclasseb1\/wp-json\/wp\/v2\/posts\/21\/revisions"}],"wp:featuredmedia":[{"embeddable":true,"href":"https:\/\/blogs.e-me.edu.gr\/hive-maclasseb1\/wp-json\/wp\/v2\/media\/24"}],"wp:attachment":[{"href":"https:\/\/blogs.e-me.edu.gr\/hive-maclasseb1\/wp-json\/wp\/v2\/media?parent=21"}],"wp:term":[{"taxonomy":"category","embeddable":true,"href":"https:\/\/blogs.e-me.edu.gr\/hive-maclasseb1\/wp-json\/wp\/v2\/categories?post=21"},{"taxonomy":"post_tag","embeddable":true,"href":"https:\/\/blogs.e-me.edu.gr\/hive-maclasseb1\/wp-json\/wp\/v2\/tags?post=21"}],"curies":[{"name":"wp","href":"https:\/\/api.w.org\/{rel}","templated":true}]}}